{"id":59866,"date":"2018-12-11T13:01:00","date_gmt":"2018-12-11T12:01:00","guid":{"rendered":"https:\/\/www.thedigitalnewdeal.org\/?p=59866"},"modified":"2021-05-24T16:30:43","modified_gmt":"2021-05-24T14:30:43","slug":"il-faut-un-new-deal-europeen-face-aux-gafa-la-tribune-2-5","status":"publish","type":"post","link":"https:\/\/www.thedigitalnewdeal.org\/en\/il-faut-un-new-deal-europeen-face-aux-gafa-la-tribune-2-5\/","title":{"rendered":"&#8220;Et si des citoyens \u00e9taient promus jur\u00e9s de la Nation ?&#8221; &#8211; La Tribune"},"content":{"rendered":"<div class=\"wpb-content-wrapper\"><p>[vc_row][vc_column width=&#8221;1\/1&#8243;][vc_column_text]\u00c0 l&#8217;heure des r\u00e9seaux sociaux, il semble in\u00e9luctable de laisser le peuple participer activement \u00e0 la politique. Cela doit passer par une repr\u00e9sentation \u00ab directe et continue \u00bb dans les institutions de la R\u00e9publique. Et si nous inventions un jury populaire \u00e0 l&#8217;Assembl\u00e9e nationale ?<\/p>\n<p>Tribune de notre d\u00e9l\u00e9gu\u00e9 g\u00e9n\u00e9ral Arno Pons.[\/vc_column_text][\/vc_column][\/vc_row]<\/p>\n<\/div>","protected":false},"excerpt":{"rendered":"<p>[vc_row][vc_column width=&#8221;1\/1&#8243;][vc_column_text]\u00c0 l&#8217;heure des r\u00e9seaux sociaux, il semble in\u00e9luctable de laisser le peuple participer activement \u00e0 la politique. Cela doit [&hellip;]<\/p>\n","protected":false},"author":5,"featured_media":0,"comment_status":"open","ping_status":"open","sticky":false,"template":"","format":"standard","meta":{"_exactmetrics_skip_tracking":false,"_exactmetrics_sitenote_active":false,"_exactmetrics_sitenote_note":"","_exactmetrics_sitenote_category":0,"footnotes":""},"categories":[74],"tags":[],"class_list":["post-59866","post","type-post","status-publish","format-standard","hentry","category-presse"],"yoast_head":"<!-- This site is optimized with the Yoast SEO plugin v27.5 - https:\/\/yoast.com\/product\/yoast-seo-wordpress\/ -->\n<title>&quot;Et si des citoyens \u00e9taient promus jur\u00e9s de la Nation ?&quot; - La Tribune - Digital New Deal<\/title>\n<meta name=\"robots\" content=\"index, follow, max-snippet:-1, max-image-preview:large, max-video-preview:-1\" \/>\n<link rel=\"canonical\" href=\"https:\/\/www.thedigitalnewdeal.org\/en\/il-faut-un-new-deal-europeen-face-aux-gafa-la-tribune-2-5\/\" \/>\n<meta property=\"og:locale\" content=\"en_US\" \/>\n<meta property=\"og:type\" content=\"article\" \/>\n<meta property=\"og:title\" content=\"&quot;Et si des citoyens \u00e9taient promus jur\u00e9s de la Nation ?&quot; - La Tribune - Digital New Deal\" \/>\n<meta property=\"og:description\" content=\"[vc_row][vc_column width=&#8221;1\/1&#8243;][vc_column_text]\u00c0 l&#8217;heure des r\u00e9seaux sociaux, il semble in\u00e9luctable de laisser le peuple participer activement \u00e0 la politique. Cela doit [&hellip;]\" \/>\n<meta property=\"og:url\" content=\"https:\/\/www.thedigitalnewdeal.org\/en\/il-faut-un-new-deal-europeen-face-aux-gafa-la-tribune-2-5\/\" \/>\n<meta property=\"og:site_name\" content=\"Digital New Deal\" \/>\n<meta property=\"article:published_time\" content=\"2018-12-11T12:01:00+00:00\" \/>\n<meta property=\"article:modified_time\" content=\"2021-05-24T14:30:43+00:00\" \/>\n<meta name=\"author\" content=\"arno pons\" \/>\n<meta name=\"twitter:card\" content=\"summary_large_image\" \/>\n<meta name=\"twitter:creator\" content=\"@Digital_NewDeal\" \/>\n<meta name=\"twitter:site\" content=\"@Digital_NewDeal\" \/>\n<meta name=\"twitter:label1\" content=\"Written by\" \/>\n\t<meta name=\"twitter:data1\" content=\"arno pons\" \/>\n<script type=\"application\/ld+json\" class=\"yoast-schema-graph\">{\"@context\":\"https:\\\/\\\/schema.org\",\"@graph\":[{\"@type\":\"Article\",\"@id\":\"https:\\\/\\\/www.thedigitalnewdeal.org\\\/en\\\/il-faut-un-new-deal-europeen-face-aux-gafa-la-tribune-2-5\\\/#article\",\"isPartOf\":{\"@id\":\"https:\\\/\\\/www.thedigitalnewdeal.org\\\/en\\\/il-faut-un-new-deal-europeen-face-aux-gafa-la-tribune-2-5\\\/\"},\"author\":{\"name\":\"arno pons\",\"@id\":\"https:\\\/\\\/www.thedigitalnewdeal.org\\\/en\\\/#\\\/schema\\\/person\\\/6e2b19855a30c442380aa25b80dc2afa\"},\"headline\":\"&#8220;Et si des citoyens \u00e9taient promus jur\u00e9s de la Nation ?&#8221; &#8211; La Tribune\",\"datePublished\":\"2018-12-11T12:01:00+00:00\",\"dateModified\":\"2021-05-24T14:30:43+00:00\",\"mainEntityOfPage\":{\"@id\":\"https:\\\/\\\/www.thedigitalnewdeal.org\\\/en\\\/il-faut-un-new-deal-europeen-face-aux-gafa-la-tribune-2-5\\\/\"},\"wordCount\":86,\"commentCount\":0,\"publisher\":{\"@id\":\"https:\\\/\\\/www.thedigitalnewdeal.org\\\/en\\\/#organization\"},\"articleSection\":[\"Presse\"],\"inLanguage\":\"en-US\",\"potentialAction\":[{\"@type\":\"CommentAction\",\"name\":\"Comment\",\"target\":[\"https:\\\/\\\/www.thedigitalnewdeal.org\\\/en\\\/il-faut-un-new-deal-europeen-face-aux-gafa-la-tribune-2-5\\\/#respond\"]}]},{\"@type\":\"WebPage\",\"@id\":\"https:\\\/\\\/www.thedigitalnewdeal.org\\\/en\\\/il-faut-un-new-deal-europeen-face-aux-gafa-la-tribune-2-5\\\/\",\"url\":\"https:\\\/\\\/www.thedigitalnewdeal.org\\\/en\\\/il-faut-un-new-deal-europeen-face-aux-gafa-la-tribune-2-5\\\/\",\"name\":\"\\\"Et si des citoyens \u00e9taient promus jur\u00e9s de la Nation ?\\\" - La Tribune - Digital New Deal\",\"isPartOf\":{\"@id\":\"https:\\\/\\\/www.thedigitalnewdeal.org\\\/en\\\/#website\"},\"datePublished\":\"2018-12-11T12:01:00+00:00\",\"dateModified\":\"2021-05-24T14:30:43+00:00\",\"breadcrumb\":{\"@id\":\"https:\\\/\\\/www.thedigitalnewdeal.org\\\/en\\\/il-faut-un-new-deal-europeen-face-aux-gafa-la-tribune-2-5\\\/#breadcrumb\"},\"inLanguage\":\"en-US\",\"potentialAction\":[{\"@type\":\"ReadAction\",\"target\":[\"https:\\\/\\\/www.thedigitalnewdeal.org\\\/en\\\/il-faut-un-new-deal-europeen-face-aux-gafa-la-tribune-2-5\\\/\"]}]},{\"@type\":\"BreadcrumbList\",\"@id\":\"https:\\\/\\\/www.thedigitalnewdeal.org\\\/en\\\/il-faut-un-new-deal-europeen-face-aux-gafa-la-tribune-2-5\\\/#breadcrumb\",\"itemListElement\":[{\"@type\":\"ListItem\",\"position\":1,\"name\":\"Accueil\",\"item\":\"https:\\\/\\\/www.thedigitalnewdeal.org\\\/en\\\/\"},{\"@type\":\"ListItem\",\"position\":2,\"name\":\"\u00ab\u00a0Et si des citoyens \u00e9taient promus jur\u00e9s de la Nation ?\u00a0\u00bb &#8211; La Tribune\"}]},{\"@type\":\"WebSite\",\"@id\":\"https:\\\/\\\/www.thedigitalnewdeal.org\\\/en\\\/#website\",\"url\":\"https:\\\/\\\/www.thedigitalnewdeal.org\\\/en\\\/\",\"name\":\"Digital New Deal\",\"description\":\"Accompagner les changements que la transition num\u00e9rique\",\"publisher\":{\"@id\":\"https:\\\/\\\/www.thedigitalnewdeal.org\\\/en\\\/#organization\"},\"potentialAction\":[{\"@type\":\"SearchAction\",\"target\":{\"@type\":\"EntryPoint\",\"urlTemplate\":\"https:\\\/\\\/www.thedigitalnewdeal.org\\\/en\\\/?s={search_term_string}\"},\"query-input\":{\"@type\":\"PropertyValueSpecification\",\"valueRequired\":true,\"valueName\":\"search_term_string\"}}],\"inLanguage\":\"en-US\"},{\"@type\":\"Organization\",\"@id\":\"https:\\\/\\\/www.thedigitalnewdeal.org\\\/en\\\/#organization\",\"name\":\"The Digital New Deal\",\"url\":\"https:\\\/\\\/www.thedigitalnewdeal.org\\\/en\\\/\",\"logo\":{\"@type\":\"ImageObject\",\"inLanguage\":\"en-US\",\"@id\":\"https:\\\/\\\/www.thedigitalnewdeal.org\\\/en\\\/#\\\/schema\\\/logo\\\/image\\\/\",\"url\":\"https:\\\/\\\/www.thedigitalnewdeal.org\\\/wp-content\\\/uploads\\\/2017\\\/06\\\/Logo-DigitalNewDealFoundation.svg\",\"contentUrl\":\"https:\\\/\\\/www.thedigitalnewdeal.org\\\/wp-content\\\/uploads\\\/2017\\\/06\\\/Logo-DigitalNewDealFoundation.svg\",\"width\":\"300\",\"height\":\"154\",\"caption\":\"The Digital New Deal\"},\"image\":{\"@id\":\"https:\\\/\\\/www.thedigitalnewdeal.org\\\/en\\\/#\\\/schema\\\/logo\\\/image\\\/\"},\"sameAs\":[\"https:\\\/\\\/x.com\\\/Digital_NewDeal\",\"https:\\\/\\\/www.linkedin.com\\\/company-beta\\\/11084756\\\/\"]},{\"@type\":\"Person\",\"@id\":\"https:\\\/\\\/www.thedigitalnewdeal.org\\\/en\\\/#\\\/schema\\\/person\\\/6e2b19855a30c442380aa25b80dc2afa\",\"name\":\"arno pons\",\"image\":{\"@type\":\"ImageObject\",\"inLanguage\":\"en-US\",\"@id\":\"https:\\\/\\\/secure.gravatar.com\\\/avatar\\\/4ddbf924b426bee2f226d7ae5023c23fb07836697ba556eb262580ac6f640405?s=96&d=mm&r=g\",\"url\":\"https:\\\/\\\/secure.gravatar.com\\\/avatar\\\/4ddbf924b426bee2f226d7ae5023c23fb07836697ba556eb262580ac6f640405?s=96&d=mm&r=g\",\"contentUrl\":\"https:\\\/\\\/secure.gravatar.com\\\/avatar\\\/4ddbf924b426bee2f226d7ae5023c23fb07836697ba556eb262580ac6f640405?s=96&d=mm&r=g\",\"caption\":\"arno pons\"},\"url\":\"https:\\\/\\\/www.thedigitalnewdeal.org\\\/en\\\/author\\\/arno\\\/\"}]}<\/script>\n<!-- \/ Yoast SEO plugin. -->","yoast_head_json":{"title":"\"Et si des citoyens \u00e9taient promus jur\u00e9s de la Nation ?\" - La Tribune - Digital New Deal","robots":{"index":"index","follow":"follow","max-snippet":"max-snippet:-1","max-image-preview":"max-image-preview:large","max-video-preview":"max-video-preview:-1"},"canonical":"https:\/\/www.thedigitalnewdeal.org\/en\/il-faut-un-new-deal-europeen-face-aux-gafa-la-tribune-2-5\/","og_locale":"en_US","og_type":"article","og_title":"\"Et si des citoyens \u00e9taient promus jur\u00e9s de la Nation ?\" - La Tribune - Digital New Deal","og_description":"[vc_row][vc_column width=&#8221;1\/1&#8243;][vc_column_text]\u00c0 l&#8217;heure des r\u00e9seaux sociaux, il semble in\u00e9luctable de laisser le peuple participer activement \u00e0 la politique. Cela doit [&hellip;]","og_url":"https:\/\/www.thedigitalnewdeal.org\/en\/il-faut-un-new-deal-europeen-face-aux-gafa-la-tribune-2-5\/","og_site_name":"Digital New Deal","article_published_time":"2018-12-11T12:01:00+00:00","article_modified_time":"2021-05-24T14:30:43+00:00","author":"arno pons","twitter_card":"summary_large_image","twitter_creator":"@Digital_NewDeal","twitter_site":"@Digital_NewDeal","twitter_misc":{"Written by":"arno pons"},"schema":{"@context":"https:\/\/schema.org","@graph":[{"@type":"Article","@id":"https:\/\/www.thedigitalnewdeal.org\/en\/il-faut-un-new-deal-europeen-face-aux-gafa-la-tribune-2-5\/#article","isPartOf":{"@id":"https:\/\/www.thedigitalnewdeal.org\/en\/il-faut-un-new-deal-europeen-face-aux-gafa-la-tribune-2-5\/"},"author":{"name":"arno pons","@id":"https:\/\/www.thedigitalnewdeal.org\/en\/#\/schema\/person\/6e2b19855a30c442380aa25b80dc2afa"},"headline":"&#8220;Et si des citoyens \u00e9taient promus jur\u00e9s de la Nation ?&#8221; &#8211; La Tribune","datePublished":"2018-12-11T12:01:00+00:00","dateModified":"2021-05-24T14:30:43+00:00","mainEntityOfPage":{"@id":"https:\/\/www.thedigitalnewdeal.org\/en\/il-faut-un-new-deal-europeen-face-aux-gafa-la-tribune-2-5\/"},"wordCount":86,"commentCount":0,"publisher":{"@id":"https:\/\/www.thedigitalnewdeal.org\/en\/#organization"},"articleSection":["Presse"],"inLanguage":"en-US","potentialAction":[{"@type":"CommentAction","name":"Comment","target":["https:\/\/www.thedigitalnewdeal.org\/en\/il-faut-un-new-deal-europeen-face-aux-gafa-la-tribune-2-5\/#respond"]}]},{"@type":"WebPage","@id":"https:\/\/www.thedigitalnewdeal.org\/en\/il-faut-un-new-deal-europeen-face-aux-gafa-la-tribune-2-5\/","url":"https:\/\/www.thedigitalnewdeal.org\/en\/il-faut-un-new-deal-europeen-face-aux-gafa-la-tribune-2-5\/","name":"\"Et si des citoyens \u00e9taient promus jur\u00e9s de la Nation ?\" - La Tribune - Digital New Deal","isPartOf":{"@id":"https:\/\/www.thedigitalnewdeal.org\/en\/#website"},"datePublished":"2018-12-11T12:01:00+00:00","dateModified":"2021-05-24T14:30:43+00:00","breadcrumb":{"@id":"https:\/\/www.thedigitalnewdeal.org\/en\/il-faut-un-new-deal-europeen-face-aux-gafa-la-tribune-2-5\/#breadcrumb"},"inLanguage":"en-US","potentialAction":[{"@type":"ReadAction","target":["https:\/\/www.thedigitalnewdeal.org\/en\/il-faut-un-new-deal-europeen-face-aux-gafa-la-tribune-2-5\/"]}]},{"@type":"BreadcrumbList","@id":"https:\/\/www.thedigitalnewdeal.org\/en\/il-faut-un-new-deal-europeen-face-aux-gafa-la-tribune-2-5\/#breadcrumb","itemListElement":[{"@type":"ListItem","position":1,"name":"Accueil","item":"https:\/\/www.thedigitalnewdeal.org\/en\/"},{"@type":"ListItem","position":2,"name":"\u00ab\u00a0Et si des citoyens \u00e9taient promus jur\u00e9s de la Nation ?\u00a0\u00bb &#8211; La Tribune"}]},{"@type":"WebSite","@id":"https:\/\/www.thedigitalnewdeal.org\/en\/#website","url":"https:\/\/www.thedigitalnewdeal.org\/en\/","name":"Digital New Deal","description":"Accompagner les changements que la transition num\u00e9rique","publisher":{"@id":"https:\/\/www.thedigitalnewdeal.org\/en\/#organization"},"potentialAction":[{"@type":"SearchAction","target":{"@type":"EntryPoint","urlTemplate":"https:\/\/www.thedigitalnewdeal.org\/en\/?s={search_term_string}"},"query-input":{"@type":"PropertyValueSpecification","valueRequired":true,"valueName":"search_term_string"}}],"inLanguage":"en-US"},{"@type":"Organization","@id":"https:\/\/www.thedigitalnewdeal.org\/en\/#organization","name":"The Digital New Deal","url":"https:\/\/www.thedigitalnewdeal.org\/en\/","logo":{"@type":"ImageObject","inLanguage":"en-US","@id":"https:\/\/www.thedigitalnewdeal.org\/en\/#\/schema\/logo\/image\/","url":"https:\/\/www.thedigitalnewdeal.org\/wp-content\/uploads\/2017\/06\/Logo-DigitalNewDealFoundation.svg","contentUrl":"https:\/\/www.thedigitalnewdeal.org\/wp-content\/uploads\/2017\/06\/Logo-DigitalNewDealFoundation.svg","width":"300","height":"154","caption":"The Digital New Deal"},"image":{"@id":"https:\/\/www.thedigitalnewdeal.org\/en\/#\/schema\/logo\/image\/"},"sameAs":["https:\/\/x.com\/Digital_NewDeal","https:\/\/www.linkedin.com\/company-beta\/11084756\/"]},{"@type":"Person","@id":"https:\/\/www.thedigitalnewdeal.org\/en\/#\/schema\/person\/6e2b19855a30c442380aa25b80dc2afa","name":"arno pons","image":{"@type":"ImageObject","inLanguage":"en-US","@id":"https:\/\/secure.gravatar.com\/avatar\/4ddbf924b426bee2f226d7ae5023c23fb07836697ba556eb262580ac6f640405?s=96&d=mm&r=g","url":"https:\/\/secure.gravatar.com\/avatar\/4ddbf924b426bee2f226d7ae5023c23fb07836697ba556eb262580ac6f640405?s=96&d=mm&r=g","contentUrl":"https:\/\/secure.gravatar.com\/avatar\/4ddbf924b426bee2f226d7ae5023c23fb07836697ba556eb262580ac6f640405?s=96&d=mm&r=g","caption":"arno pons"},"url":"https:\/\/www.thedigitalnewdeal.org\/en\/author\/arno\/"}]}},"_links":{"self":[{"href":"https:\/\/www.thedigitalnewdeal.org\/en\/wp-json\/wp\/v2\/posts\/59866","targetHints":{"allow":["GET"]}}],"collection":[{"href":"https:\/\/www.thedigitalnewdeal.org\/en\/wp-json\/wp\/v2\/posts"}],"about":[{"href":"https:\/\/www.thedigitalnewdeal.org\/en\/wp-json\/wp\/v2\/types\/post"}],"author":[{"embeddable":true,"href":"https:\/\/www.thedigitalnewdeal.org\/en\/wp-json\/wp\/v2\/users\/5"}],"replies":[{"embeddable":true,"href":"https:\/\/www.thedigitalnewdeal.org\/en\/wp-json\/wp\/v2\/comments?post=59866"}],"version-history":[{"count":1,"href":"https:\/\/www.thedigitalnewdeal.org\/en\/wp-json\/wp\/v2\/posts\/59866\/revisions"}],"predecessor-version":[{"id":59867,"href":"https:\/\/www.thedigitalnewdeal.org\/en\/wp-json\/wp\/v2\/posts\/59866\/revisions\/59867"}],"wp:attachment":[{"href":"https:\/\/www.thedigitalnewdeal.org\/en\/wp-json\/wp\/v2\/media?parent=59866"}],"wp:term":[{"taxonomy":"category","embeddable":true,"href":"https:\/\/www.thedigitalnewdeal.org\/en\/wp-json\/wp\/v2\/categories?post=59866"},{"taxonomy":"post_tag","embeddable":true,"href":"https:\/\/www.thedigitalnewdeal.org\/en\/wp-json\/wp\/v2\/tags?post=59866"}],"curies":[{"name":"wp","href":"https:\/\/api.w.org\/{rel}","templated":true}]}}