{"id":60175,"date":"2019-01-26T11:06:27","date_gmt":"2019-01-26T10:06:27","guid":{"rendered":"https:\/\/www.thedigitalnewdeal.org\/?p=60175"},"modified":"2021-05-24T16:30:43","modified_gmt":"2021-05-24T14:30:43","slug":"reset-tribune-il-est-temps-de-decrire-le-numerique-que-nous-voulons","status":"publish","type":"post","link":"https:\/\/www.thedigitalnewdeal.org\/en\/reset-tribune-il-est-temps-de-decrire-le-numerique-que-nous-voulons\/","title":{"rendered":"#RESET &#8211; tribune &#8211; &#8220;Il est temps de d\u00e9crire le num\u00e9rique que nous voulons&#8221;"},"content":{"rendered":"<div class=\"wpb-content-wrapper\"><p>[vc_row][vc_column width=&#8221;1\/1&#8243;][vc_column_text]<\/p>\n<div class=\"y0jyj9-0 dJNGgi\">\n<p class=\"sc-1bl2tmk-6 y0jyj9-0 gUvhjD o39wsg-0 eJdSlc\">#RESET<br \/>\nNous avons sign\u00e9 une tribune initi\u00e9e par la Fondation Internet Nouvelle G\u00e9n\u00e9ration (FING) pour un num\u00e9rique plus \u00e9quitable, plus \u00e9mancipateur, plus attentif aux libert\u00e9s et plus soucieux des enjeux \u00e9cologiques.<\/p>\n<p class=\"sc-1bl2tmk-6 y0jyj9-0 gUvhjD o39wsg-0 eJdSlc\">\n<\/div>\n<p>[\/vc_column_text][\/vc_column][\/vc_row]<\/p>\n<\/div>","protected":false},"excerpt":{"rendered":"<p>[vc_row][vc_column width=&#8221;1\/1&#8243;][vc_column_text] #RESET Nous avons sign\u00e9 une tribune initi\u00e9e par la Fondation Internet Nouvelle G\u00e9n\u00e9ration (FING) pour un num\u00e9rique plus [&hellip;]<\/p>\n","protected":false},"author":5,"featured_media":0,"comment_status":"open","ping_status":"open","sticky":false,"template":"","format":"standard","meta":{"_exactmetrics_skip_tracking":false,"_exactmetrics_sitenote_active":false,"_exactmetrics_sitenote_note":"","_exactmetrics_sitenote_category":0,"footnotes":""},"categories":[74],"tags":[],"class_list":["post-60175","post","type-post","status-publish","format-standard","hentry","category-presse"],"yoast_head":"<!-- This site is optimized with the Yoast SEO plugin v27.4 - https:\/\/yoast.com\/product\/yoast-seo-wordpress\/ -->\n<title>#RESET - tribune - &quot;Il est temps de d\u00e9crire le num\u00e9rique que nous voulons&quot; - Digital New Deal<\/title>\n<meta name=\"robots\" content=\"index, follow, max-snippet:-1, max-image-preview:large, max-video-preview:-1\" \/>\n<link rel=\"canonical\" href=\"https:\/\/www.thedigitalnewdeal.org\/en\/reset-tribune-il-est-temps-de-decrire-le-numerique-que-nous-voulons\/\" \/>\n<meta property=\"og:locale\" content=\"en_US\" \/>\n<meta property=\"og:type\" content=\"article\" \/>\n<meta property=\"og:title\" content=\"#RESET - tribune - &quot;Il est temps de d\u00e9crire le num\u00e9rique que nous voulons&quot; - Digital New Deal\" \/>\n<meta property=\"og:description\" content=\"[vc_row][vc_column width=&#8221;1\/1&#8243;][vc_column_text] #RESET Nous avons sign\u00e9 une tribune initi\u00e9e par la Fondation Internet Nouvelle G\u00e9n\u00e9ration (FING) pour un num\u00e9rique plus [&hellip;]\" \/>\n<meta property=\"og:url\" content=\"https:\/\/www.thedigitalnewdeal.org\/en\/reset-tribune-il-est-temps-de-decrire-le-numerique-que-nous-voulons\/\" \/>\n<meta property=\"og:site_name\" content=\"Digital New Deal\" \/>\n<meta property=\"article:published_time\" content=\"2019-01-26T10:06:27+00:00\" \/>\n<meta property=\"article:modified_time\" content=\"2021-05-24T14:30:43+00:00\" \/>\n<meta name=\"author\" content=\"arno pons\" \/>\n<meta name=\"twitter:card\" content=\"summary_large_image\" \/>\n<meta name=\"twitter:creator\" content=\"@Digital_NewDeal\" \/>\n<meta name=\"twitter:site\" content=\"@Digital_NewDeal\" \/>\n<meta name=\"twitter:label1\" content=\"Written by\" \/>\n\t<meta name=\"twitter:data1\" content=\"arno pons\" \/>\n<script type=\"application\/ld+json\" class=\"yoast-schema-graph\">{\"@context\":\"https:\\\/\\\/schema.org\",\"@graph\":[{\"@type\":\"Article\",\"@id\":\"https:\\\/\\\/www.thedigitalnewdeal.org\\\/en\\\/reset-tribune-il-est-temps-de-decrire-le-numerique-que-nous-voulons\\\/#article\",\"isPartOf\":{\"@id\":\"https:\\\/\\\/www.thedigitalnewdeal.org\\\/en\\\/reset-tribune-il-est-temps-de-decrire-le-numerique-que-nous-voulons\\\/\"},\"author\":{\"name\":\"arno pons\",\"@id\":\"https:\\\/\\\/www.thedigitalnewdeal.org\\\/en\\\/#\\\/schema\\\/person\\\/6e2b19855a30c442380aa25b80dc2afa\"},\"headline\":\"#RESET &#8211; tribune &#8211; &#8220;Il est temps de d\u00e9crire le num\u00e9rique que nous voulons&#8221;\",\"datePublished\":\"2019-01-26T10:06:27+00:00\",\"dateModified\":\"2021-05-24T14:30:43+00:00\",\"mainEntityOfPage\":{\"@id\":\"https:\\\/\\\/www.thedigitalnewdeal.org\\\/en\\\/reset-tribune-il-est-temps-de-decrire-le-numerique-que-nous-voulons\\\/\"},\"wordCount\":67,\"commentCount\":0,\"publisher\":{\"@id\":\"https:\\\/\\\/www.thedigitalnewdeal.org\\\/en\\\/#organization\"},\"articleSection\":[\"Presse\"],\"inLanguage\":\"en-US\",\"potentialAction\":[{\"@type\":\"CommentAction\",\"name\":\"Comment\",\"target\":[\"https:\\\/\\\/www.thedigitalnewdeal.org\\\/en\\\/reset-tribune-il-est-temps-de-decrire-le-numerique-que-nous-voulons\\\/#respond\"]}]},{\"@type\":\"WebPage\",\"@id\":\"https:\\\/\\\/www.thedigitalnewdeal.org\\\/en\\\/reset-tribune-il-est-temps-de-decrire-le-numerique-que-nous-voulons\\\/\",\"url\":\"https:\\\/\\\/www.thedigitalnewdeal.org\\\/en\\\/reset-tribune-il-est-temps-de-decrire-le-numerique-que-nous-voulons\\\/\",\"name\":\"#RESET - tribune - \\\"Il est temps de d\u00e9crire le num\u00e9rique que nous voulons\\\" - Digital New Deal\",\"isPartOf\":{\"@id\":\"https:\\\/\\\/www.thedigitalnewdeal.org\\\/en\\\/#website\"},\"datePublished\":\"2019-01-26T10:06:27+00:00\",\"dateModified\":\"2021-05-24T14:30:43+00:00\",\"breadcrumb\":{\"@id\":\"https:\\\/\\\/www.thedigitalnewdeal.org\\\/en\\\/reset-tribune-il-est-temps-de-decrire-le-numerique-que-nous-voulons\\\/#breadcrumb\"},\"inLanguage\":\"en-US\",\"potentialAction\":[{\"@type\":\"ReadAction\",\"target\":[\"https:\\\/\\\/www.thedigitalnewdeal.org\\\/en\\\/reset-tribune-il-est-temps-de-decrire-le-numerique-que-nous-voulons\\\/\"]}]},{\"@type\":\"BreadcrumbList\",\"@id\":\"https:\\\/\\\/www.thedigitalnewdeal.org\\\/en\\\/reset-tribune-il-est-temps-de-decrire-le-numerique-que-nous-voulons\\\/#breadcrumb\",\"itemListElement\":[{\"@type\":\"ListItem\",\"position\":1,\"name\":\"Accueil\",\"item\":\"https:\\\/\\\/www.thedigitalnewdeal.org\\\/en\\\/\"},{\"@type\":\"ListItem\",\"position\":2,\"name\":\"#RESET &#8211; tribune &#8211; &#8220;Il est temps de d\u00e9crire le num\u00e9rique que nous voulons&#8221;\"}]},{\"@type\":\"WebSite\",\"@id\":\"https:\\\/\\\/www.thedigitalnewdeal.org\\\/en\\\/#website\",\"url\":\"https:\\\/\\\/www.thedigitalnewdeal.org\\\/en\\\/\",\"name\":\"Digital New Deal\",\"description\":\"Accompagner les changements que la transition num\u00e9rique\",\"publisher\":{\"@id\":\"https:\\\/\\\/www.thedigitalnewdeal.org\\\/en\\\/#organization\"},\"potentialAction\":[{\"@type\":\"SearchAction\",\"target\":{\"@type\":\"EntryPoint\",\"urlTemplate\":\"https:\\\/\\\/www.thedigitalnewdeal.org\\\/en\\\/?s={search_term_string}\"},\"query-input\":{\"@type\":\"PropertyValueSpecification\",\"valueRequired\":true,\"valueName\":\"search_term_string\"}}],\"inLanguage\":\"en-US\"},{\"@type\":\"Organization\",\"@id\":\"https:\\\/\\\/www.thedigitalnewdeal.org\\\/en\\\/#organization\",\"name\":\"The Digital New Deal\",\"url\":\"https:\\\/\\\/www.thedigitalnewdeal.org\\\/en\\\/\",\"logo\":{\"@type\":\"ImageObject\",\"inLanguage\":\"en-US\",\"@id\":\"https:\\\/\\\/www.thedigitalnewdeal.org\\\/en\\\/#\\\/schema\\\/logo\\\/image\\\/\",\"url\":\"https:\\\/\\\/www.thedigitalnewdeal.org\\\/wp-content\\\/uploads\\\/2017\\\/06\\\/Logo-DigitalNewDealFoundation.svg\",\"contentUrl\":\"https:\\\/\\\/www.thedigitalnewdeal.org\\\/wp-content\\\/uploads\\\/2017\\\/06\\\/Logo-DigitalNewDealFoundation.svg\",\"width\":\"300\",\"height\":\"154\",\"caption\":\"The Digital New Deal\"},\"image\":{\"@id\":\"https:\\\/\\\/www.thedigitalnewdeal.org\\\/en\\\/#\\\/schema\\\/logo\\\/image\\\/\"},\"sameAs\":[\"https:\\\/\\\/x.com\\\/Digital_NewDeal\",\"https:\\\/\\\/www.linkedin.com\\\/company-beta\\\/11084756\\\/\"]},{\"@type\":\"Person\",\"@id\":\"https:\\\/\\\/www.thedigitalnewdeal.org\\\/en\\\/#\\\/schema\\\/person\\\/6e2b19855a30c442380aa25b80dc2afa\",\"name\":\"arno pons\",\"image\":{\"@type\":\"ImageObject\",\"inLanguage\":\"en-US\",\"@id\":\"https:\\\/\\\/secure.gravatar.com\\\/avatar\\\/4ddbf924b426bee2f226d7ae5023c23fb07836697ba556eb262580ac6f640405?s=96&d=mm&r=g\",\"url\":\"https:\\\/\\\/secure.gravatar.com\\\/avatar\\\/4ddbf924b426bee2f226d7ae5023c23fb07836697ba556eb262580ac6f640405?s=96&d=mm&r=g\",\"contentUrl\":\"https:\\\/\\\/secure.gravatar.com\\\/avatar\\\/4ddbf924b426bee2f226d7ae5023c23fb07836697ba556eb262580ac6f640405?s=96&d=mm&r=g\",\"caption\":\"arno pons\"},\"url\":\"https:\\\/\\\/www.thedigitalnewdeal.org\\\/en\\\/author\\\/arno\\\/\"}]}<\/script>\n<!-- \/ Yoast SEO plugin. -->","yoast_head_json":{"title":"#RESET - tribune - \"Il est temps de d\u00e9crire le num\u00e9rique que nous voulons\" - Digital New Deal","robots":{"index":"index","follow":"follow","max-snippet":"max-snippet:-1","max-image-preview":"max-image-preview:large","max-video-preview":"max-video-preview:-1"},"canonical":"https:\/\/www.thedigitalnewdeal.org\/en\/reset-tribune-il-est-temps-de-decrire-le-numerique-que-nous-voulons\/","og_locale":"en_US","og_type":"article","og_title":"#RESET - tribune - \"Il est temps de d\u00e9crire le num\u00e9rique que nous voulons\" - Digital New Deal","og_description":"[vc_row][vc_column width=&#8221;1\/1&#8243;][vc_column_text] #RESET Nous avons sign\u00e9 une tribune initi\u00e9e par la Fondation Internet Nouvelle G\u00e9n\u00e9ration (FING) pour un num\u00e9rique plus [&hellip;]","og_url":"https:\/\/www.thedigitalnewdeal.org\/en\/reset-tribune-il-est-temps-de-decrire-le-numerique-que-nous-voulons\/","og_site_name":"Digital New Deal","article_published_time":"2019-01-26T10:06:27+00:00","article_modified_time":"2021-05-24T14:30:43+00:00","author":"arno pons","twitter_card":"summary_large_image","twitter_creator":"@Digital_NewDeal","twitter_site":"@Digital_NewDeal","twitter_misc":{"Written by":"arno pons"},"schema":{"@context":"https:\/\/schema.org","@graph":[{"@type":"Article","@id":"https:\/\/www.thedigitalnewdeal.org\/en\/reset-tribune-il-est-temps-de-decrire-le-numerique-que-nous-voulons\/#article","isPartOf":{"@id":"https:\/\/www.thedigitalnewdeal.org\/en\/reset-tribune-il-est-temps-de-decrire-le-numerique-que-nous-voulons\/"},"author":{"name":"arno pons","@id":"https:\/\/www.thedigitalnewdeal.org\/en\/#\/schema\/person\/6e2b19855a30c442380aa25b80dc2afa"},"headline":"#RESET &#8211; tribune &#8211; &#8220;Il est temps de d\u00e9crire le num\u00e9rique que nous voulons&#8221;","datePublished":"2019-01-26T10:06:27+00:00","dateModified":"2021-05-24T14:30:43+00:00","mainEntityOfPage":{"@id":"https:\/\/www.thedigitalnewdeal.org\/en\/reset-tribune-il-est-temps-de-decrire-le-numerique-que-nous-voulons\/"},"wordCount":67,"commentCount":0,"publisher":{"@id":"https:\/\/www.thedigitalnewdeal.org\/en\/#organization"},"articleSection":["Presse"],"inLanguage":"en-US","potentialAction":[{"@type":"CommentAction","name":"Comment","target":["https:\/\/www.thedigitalnewdeal.org\/en\/reset-tribune-il-est-temps-de-decrire-le-numerique-que-nous-voulons\/#respond"]}]},{"@type":"WebPage","@id":"https:\/\/www.thedigitalnewdeal.org\/en\/reset-tribune-il-est-temps-de-decrire-le-numerique-que-nous-voulons\/","url":"https:\/\/www.thedigitalnewdeal.org\/en\/reset-tribune-il-est-temps-de-decrire-le-numerique-que-nous-voulons\/","name":"#RESET - tribune - \"Il est temps de d\u00e9crire le num\u00e9rique que nous voulons\" - Digital New Deal","isPartOf":{"@id":"https:\/\/www.thedigitalnewdeal.org\/en\/#website"},"datePublished":"2019-01-26T10:06:27+00:00","dateModified":"2021-05-24T14:30:43+00:00","breadcrumb":{"@id":"https:\/\/www.thedigitalnewdeal.org\/en\/reset-tribune-il-est-temps-de-decrire-le-numerique-que-nous-voulons\/#breadcrumb"},"inLanguage":"en-US","potentialAction":[{"@type":"ReadAction","target":["https:\/\/www.thedigitalnewdeal.org\/en\/reset-tribune-il-est-temps-de-decrire-le-numerique-que-nous-voulons\/"]}]},{"@type":"BreadcrumbList","@id":"https:\/\/www.thedigitalnewdeal.org\/en\/reset-tribune-il-est-temps-de-decrire-le-numerique-que-nous-voulons\/#breadcrumb","itemListElement":[{"@type":"ListItem","position":1,"name":"Accueil","item":"https:\/\/www.thedigitalnewdeal.org\/en\/"},{"@type":"ListItem","position":2,"name":"#RESET &#8211; tribune &#8211; &#8220;Il est temps de d\u00e9crire le num\u00e9rique que nous voulons&#8221;"}]},{"@type":"WebSite","@id":"https:\/\/www.thedigitalnewdeal.org\/en\/#website","url":"https:\/\/www.thedigitalnewdeal.org\/en\/","name":"Digital New Deal","description":"Accompagner les changements que la transition num\u00e9rique","publisher":{"@id":"https:\/\/www.thedigitalnewdeal.org\/en\/#organization"},"potentialAction":[{"@type":"SearchAction","target":{"@type":"EntryPoint","urlTemplate":"https:\/\/www.thedigitalnewdeal.org\/en\/?s={search_term_string}"},"query-input":{"@type":"PropertyValueSpecification","valueRequired":true,"valueName":"search_term_string"}}],"inLanguage":"en-US"},{"@type":"Organization","@id":"https:\/\/www.thedigitalnewdeal.org\/en\/#organization","name":"The Digital New Deal","url":"https:\/\/www.thedigitalnewdeal.org\/en\/","logo":{"@type":"ImageObject","inLanguage":"en-US","@id":"https:\/\/www.thedigitalnewdeal.org\/en\/#\/schema\/logo\/image\/","url":"https:\/\/www.thedigitalnewdeal.org\/wp-content\/uploads\/2017\/06\/Logo-DigitalNewDealFoundation.svg","contentUrl":"https:\/\/www.thedigitalnewdeal.org\/wp-content\/uploads\/2017\/06\/Logo-DigitalNewDealFoundation.svg","width":"300","height":"154","caption":"The Digital New Deal"},"image":{"@id":"https:\/\/www.thedigitalnewdeal.org\/en\/#\/schema\/logo\/image\/"},"sameAs":["https:\/\/x.com\/Digital_NewDeal","https:\/\/www.linkedin.com\/company-beta\/11084756\/"]},{"@type":"Person","@id":"https:\/\/www.thedigitalnewdeal.org\/en\/#\/schema\/person\/6e2b19855a30c442380aa25b80dc2afa","name":"arno pons","image":{"@type":"ImageObject","inLanguage":"en-US","@id":"https:\/\/secure.gravatar.com\/avatar\/4ddbf924b426bee2f226d7ae5023c23fb07836697ba556eb262580ac6f640405?s=96&d=mm&r=g","url":"https:\/\/secure.gravatar.com\/avatar\/4ddbf924b426bee2f226d7ae5023c23fb07836697ba556eb262580ac6f640405?s=96&d=mm&r=g","contentUrl":"https:\/\/secure.gravatar.com\/avatar\/4ddbf924b426bee2f226d7ae5023c23fb07836697ba556eb262580ac6f640405?s=96&d=mm&r=g","caption":"arno pons"},"url":"https:\/\/www.thedigitalnewdeal.org\/en\/author\/arno\/"}]}},"_links":{"self":[{"href":"https:\/\/www.thedigitalnewdeal.org\/en\/wp-json\/wp\/v2\/posts\/60175","targetHints":{"allow":["GET"]}}],"collection":[{"href":"https:\/\/www.thedigitalnewdeal.org\/en\/wp-json\/wp\/v2\/posts"}],"about":[{"href":"https:\/\/www.thedigitalnewdeal.org\/en\/wp-json\/wp\/v2\/types\/post"}],"author":[{"embeddable":true,"href":"https:\/\/www.thedigitalnewdeal.org\/en\/wp-json\/wp\/v2\/users\/5"}],"replies":[{"embeddable":true,"href":"https:\/\/www.thedigitalnewdeal.org\/en\/wp-json\/wp\/v2\/comments?post=60175"}],"version-history":[{"count":2,"href":"https:\/\/www.thedigitalnewdeal.org\/en\/wp-json\/wp\/v2\/posts\/60175\/revisions"}],"predecessor-version":[{"id":60177,"href":"https:\/\/www.thedigitalnewdeal.org\/en\/wp-json\/wp\/v2\/posts\/60175\/revisions\/60177"}],"wp:attachment":[{"href":"https:\/\/www.thedigitalnewdeal.org\/en\/wp-json\/wp\/v2\/media?parent=60175"}],"wp:term":[{"taxonomy":"category","embeddable":true,"href":"https:\/\/www.thedigitalnewdeal.org\/en\/wp-json\/wp\/v2\/categories?post=60175"},{"taxonomy":"post_tag","embeddable":true,"href":"https:\/\/www.thedigitalnewdeal.org\/en\/wp-json\/wp\/v2\/tags?post=60175"}],"curies":[{"name":"wp","href":"https:\/\/api.w.org\/{rel}","templated":true}]}}