{"id":60844,"date":"2020-08-18T14:48:40","date_gmt":"2020-08-18T12:48:40","guid":{"rendered":"https:\/\/www.thedigitalnewdeal.org\/reflections-in-the-perspective-of-the-european-digital-services-act\/"},"modified":"2021-03-26T14:19:38","modified_gmt":"2021-03-26T13:19:38","slug":"reflections-in-the-perspective-of-the-european-digital-services-act","status":"publish","type":"post","link":"https:\/\/www.thedigitalnewdeal.org\/en\/reflections-in-the-perspective-of-the-european-digital-services-act\/","title":{"rendered":"Reflections in the perspective of the European Digital Services Act"},"content":{"rendered":"<div class=\"wpb-content-wrapper\"><p>[vc_row unlock_row_content=&#8221;yes&#8221; row_height_percent=&#8221;0&#8243; override_padding=&#8221;yes&#8221; h_padding=&#8221;3&#8243; top_padding=&#8221;2&#8243; bottom_padding=&#8221;2&#8243; overlay_alpha=&#8221;50&#8243; gutter_size=&#8221;4&#8243; column_width_percent=&#8221;100&#8243; shift_y=&#8221;0&#8243; z_index=&#8221;0&#8243;][vc_column column_width_percent=&#8221;100&#8243; gutter_size=&#8221;3&#8243; overlay_alpha=&#8221;50&#8243; shift_x=&#8221;0&#8243; shift_y=&#8221;0&#8243; shift_y_down=&#8221;0&#8243; z_index=&#8221;0&#8243; medium_width=&#8221;5&#8243; mobile_width=&#8221;0&#8243; width=&#8221;2\/3&#8243;][vc_column_text el_class=&#8221;textone&#8221;]<\/p>\n<h3><strong>By the end of 2020, the European Commission will propose a &#8220;Digital Services Act&#8221; (DSA) with the aim of better regulating the &#8220;Big tech&#8221;. This will be the first bill within the <em>Europe fit for the Digital age<\/em> axis of its 2019-2024 political guidelines. It may provide an opportunity to recast significantly the current legal arrangements, based on the 2000 e-commerce Directive, adopted 20 years ago. This note outlines a few avenues of thought and offers a written proposal to accompany them.<\/strong><\/h3>\n<p>[\/vc_column_text][vc_button button_color=&#8221;accent&#8221; wide=&#8221;yes&#8221; border_width=&#8221;0&#8243; link=&#8221;url:https%3A%2F%2Fwww.thedigitalnewdeal.org%2Fwp-content%2Fuploads%2FDigital-services-act_publication_DigitalNewDealFoundation-1.pdf|target:_blank&#8221;]Download the publication[\/vc_button][vc_button button_color=&#8221;accent&#8221; wide=&#8221;yes&#8221; border_width=&#8221;0&#8243; link=&#8221;url:https%3A%2F%2Fwww.thedigitalnewdeal.org%2Fwp-content%2Fuploads%2FDigital-services-act_executive-summary_DigitalNewDealFoundation.pdf||target:%20_blank|&#8221;]Download the executive summary [\/vc_button][vc_button button_color=&#8221;accent&#8221; wide=&#8221;yes&#8221; border_width=&#8221;0&#8243; link=&#8221;url:https%3A%2F%2Fwww.thedigitalnewdeal.org%2Fwp-content%2Fuploads%2FDigital-services-act_recap-card_DigitalNewDealFoundation.pdf||target:%20_blank|&#8221;]Download the recap card[\/vc_button][vc_row_inner row_inner_height_percent=&#8221;0&#8243; back_color=&#8221;color-lxmt&#8221; overlay_alpha=&#8221;50&#8243; gutter_size=&#8221;3&#8243; shift_y=&#8221;0&#8243; z_index=&#8221;0&#8243;][vc_column_inner column_width_percent=&#8221;100&#8243; gutter_size=&#8221;3&#8243; override_padding=&#8221;yes&#8221; column_padding=&#8221;3&#8243; overlay_alpha=&#8221;50&#8243; shift_x=&#8221;0&#8243; shift_y=&#8221;0&#8243; shift_y_down=&#8221;0&#8243; z_index=&#8221;0&#8243; medium_width=&#8221;0&#8243; mobile_width=&#8221;0&#8243; width=&#8221;1\/1&#8243;][vc_column_text el_class=&#8221;textone&#8221;]<strong>FINDINGS<\/strong><\/p>\n<p>In 2000, the internet was still a new emerging technology, promising more freedom of expression and access to new markets. While it lived up greatly to those expectations, new challenges also emerged. At that time, no one could have suspected the pivotal role that platforms, smartphones and their pre-installed app stores as well as social networks would come to play in the economy and in the public debate. The e-commerce Directive was therefore not designed to apply to these players. Nor could anyone have anticipated that some of these players would acquire a dominant position and leverage it to foreclose effective competition.<\/p>\n<p>It is in this context that the e-commerce Directive has relied on two major pillars. On the one hand, it has exempted digital service providers from any liability for the content they disseminate. On the other, it established a country of origin principle. The latter is tantamount to unconditionally delegating all regulatory powers to the EU Member State in which the service provider&#8217;s head office or principal establishment is located. While this regime has served its purpose by facilitating the development of SMEs, it has also deprived Member States of strategic sovereign powers and, in the light of changing circumstances, has resulted in granting a selective advantage to the Big tech. For the internet to keep fulfilling all its promises, it is henceforth necessary to offer a safe harbour to start-ups. As effective and vigilant competition law enforcement may be, it does not suffice all and in itself to restore the countervailing power of consumers and user companies to Big tech. It must be supplemented by an <em>ex ante<\/em> European regulation, which allows to act before any damage are done and not only after it has started to materialise, with possible protracting effects.<\/p>\n<p><strong>RECOMMENDATIONS<\/strong><\/p>\n<ul>\n<li>Unless an agreement is reached on the basis of the proposal for a Regulation on preventing the dissemination of terrorist content on line, which could serve as a model EU law, to allow Member States to set up a duty of care, including proactive measures, toward hate speech and online disinformation strategies in times of elections, within the framework of common EU Guidelines;<\/li>\n<li>To no longer apply the country of origin principle to the Big tech;<\/li>\n<li>To empower consumers with full freedom of choice, based on content portability through an interface programming application and on the extension of the net neutrality principle to all devices (smartphones, appstores);<\/li>\n<li>To include digital presence (collection and use of data, in particular for advertising purposes) within the criteria for merger control notification, which are currently based only on turnover thresholds;<\/li>\n<li>To empower business users, by prohibiting certain practices or clauses imposed by the Big tech which have the object or effect of restricting their capacity to switch platforms or their freedom to set quantities or prices;<\/li>\n<li>To target this <em>ex-ante<\/em> economic regulation on the players which meet the GAFA tax criteria or dominance criteria and empower authorities that have already demonstrated their independence from any national interest and expertise to implement it, without creating a new European body.<\/li>\n<\/ul>\n<p><span class=\"font-180609\" style=\"color: #000000;\"><span class=\"font-180609\" style=\"color: #000000;\"><span class=\"font-180609\" style=\"color: #000000;\"><span class=\"font-180609\" style=\"color: #000000;\">\u00a0<\/span><\/span><\/span><\/span>[\/vc_column_text][\/vc_column_inner][\/vc_row_inner][\/vc_column][vc_column column_width_percent=&#8221;100&#8243; gutter_size=&#8221;2&#8243; overlay_alpha=&#8221;50&#8243; shift_x=&#8221;0&#8243; shift_y=&#8221;0&#8243; shift_y_down=&#8221;0&#8243; z_index=&#8221;0&#8243; medium_width=&#8221;3&#8243; mobile_width=&#8221;0&#8243; sticky=&#8221;yes&#8221; width=&#8221;1\/3&#8243;][vc_single_image media=&#8221;60287&#8243; media_width_percent=&#8221;100&#8243; advanced=&#8221;yes&#8221; media_items=&#8221;media|original,title,caption&#8221; media_text=&#8221;under&#8221; media_overlay_opacity=&#8221;1&#8243; media_padding=&#8221;2&#8243;][uncode_share layout=&#8221;multiple&#8221;][vc_separator][vc_button wide=&#8221;yes&#8221; border_width=&#8221;0&#8243; link=&#8221;url:http%3A%2F%2Fwww.thedigitalnewdeal.org%2Fpublications%2F|||&#8221;]retour vers Toutes les publications[\/vc_button][\/vc_column][\/vc_row]<\/p>\n<\/div>","protected":false},"excerpt":{"rendered":"<p>D\u2019ici la fin de l\u2019ann\u00e9e 2020, la Commission europ\u00e9enne proposera un \u00ab Digital Services Act \u00bb (DSA), dans l\u2019objectif de mieux r\u00e9guler les \u00ab g\u00e9ants du num\u00e9rique \u00bb (ou \u00ab Big Tech \u00bb). Il s\u2019agira de la premi\u00e8re grande priorit\u00e9 l\u00e9gislative de son mandat de cinq ans. Elle peut \u00eatre l\u2019occasion de r\u00e9viser profond\u00e9ment le r\u00e9gime juridique actuel, fond\u00e9 sur la directive e-commerce de 2000, adopt\u00e9e il y a 20 ans.<\/p>\n","protected":false},"author":8,"featured_media":57342,"comment_status":"closed","ping_status":"open","sticky":false,"template":"","format":"standard","meta":{"_exactmetrics_skip_tracking":false,"_exactmetrics_sitenote_active":false,"_exactmetrics_sitenote_note":"","_exactmetrics_sitenote_category":0,"footnotes":""},"categories":[77],"tags":[],"class_list":["post-60844","post","type-post","status-publish","format-standard","has-post-thumbnail","hentry","category-publications-en"],"yoast_head":"<!-- This site is optimized with the Yoast SEO plugin v27.5 - https:\/\/yoast.com\/product\/yoast-seo-wordpress\/ -->\n<title>Reflections in the perspective of the European Digital Services Act - Digital New Deal<\/title>\n<meta name=\"description\" content=\"D\u2019ici la fin de l\u2019ann\u00e9e 2020, la Commission europ\u00e9enne proposera un \u00ab Digital Services Act \u00bb (DSA), dans l\u2019objectif de mieux r\u00e9guler les \u00ab g\u00e9ants du num\u00e9rique \u00bb (ou \u00ab Big Tech \u00bb). Il s\u2019agira de la premi\u00e8re grande priorit\u00e9 l\u00e9gislative de son mandat de cinq ans. Elle peut \u00eatre l\u2019occasion de r\u00e9viser profond\u00e9ment le r\u00e9gime juridique actuel, fond\u00e9 sur la directive e-commerce de 2000, adopt\u00e9e il y a 20 ans.\" \/>\n<meta name=\"robots\" content=\"index, follow, max-snippet:-1, max-image-preview:large, max-video-preview:-1\" \/>\n<link rel=\"canonical\" href=\"https:\/\/www.thedigitalnewdeal.org\/en\/reflections-in-the-perspective-of-the-european-digital-services-act\/\" \/>\n<meta property=\"og:locale\" content=\"en_US\" \/>\n<meta property=\"og:type\" content=\"article\" \/>\n<meta property=\"og:title\" content=\"Reflections in the perspective of the European Digital Services Act\" \/>\n<meta property=\"og:description\" content=\"D\u2019ici la fin de l\u2019ann\u00e9e 2020, la Commission europ\u00e9enne proposera un \u00ab Digital Services Act \u00bb (DSA), dans l\u2019objectif de mieux r\u00e9guler les \u00ab g\u00e9ants du num\u00e9rique \u00bb (ou \u00ab Big Tech \u00bb). Il s\u2019agira de la premi\u00e8re grande priorit\u00e9 l\u00e9gislative de son mandat de cinq ans. Elle peut \u00eatre l\u2019occasion de r\u00e9viser profond\u00e9ment le r\u00e9gime juridique actuel, fond\u00e9 sur la directive e-commerce de 2000, adopt\u00e9e il y a 20 ans.\" \/>\n<meta property=\"og:url\" content=\"https:\/\/www.thedigitalnewdeal.org\/en\/reflections-in-the-perspective-of-the-european-digital-services-act\/\" \/>\n<meta property=\"og:site_name\" content=\"Digital New Deal\" \/>\n<meta property=\"article:published_time\" content=\"2020-08-18T12:48:40+00:00\" \/>\n<meta property=\"article:modified_time\" content=\"2021-03-26T13:19:38+00:00\" \/>\n<meta property=\"og:image\" content=\"https:\/\/www.thedigitalnewdeal.org\/wp-content\/uploads\/the_digital_new_deal-org-BELLULO_liza-facebook.jpg\" \/>\n<meta name=\"author\" content=\"Louis magnes\" \/>\n<meta name=\"twitter:card\" content=\"summary_large_image\" \/>\n<meta name=\"twitter:title\" content=\"Reflections in the perspective of the European Digital Services Act\" \/>\n<meta name=\"twitter:description\" content=\"D\u2019ici la fin de l\u2019ann\u00e9e 2020, la Commission europ\u00e9enne proposera un \u00ab Digital Services Act \u00bb (DSA), dans l\u2019objectif de mieux r\u00e9guler les \u00ab g\u00e9ants du num\u00e9rique \u00bb (ou \u00ab Big Tech \u00bb). Il s\u2019agira de la premi\u00e8re grande priorit\u00e9 l\u00e9gislative de son mandat de cinq ans. Elle peut \u00eatre l\u2019occasion de r\u00e9viser profond\u00e9ment le r\u00e9gime juridique actuel, fond\u00e9 sur la directive e-commerce de 2000, adopt\u00e9e il y a 20 ans.\" \/>\n<meta name=\"twitter:image\" content=\"https:\/\/www.thedigitalnewdeal.org\/wp-content\/uploads\/the_digital_new_deal-org-BELLULO_liza-Twitter.jpg\" \/>\n<meta name=\"twitter:creator\" content=\"@Digital_NewDeal\" \/>\n<meta name=\"twitter:site\" content=\"@Digital_NewDeal\" \/>\n<meta name=\"twitter:label1\" content=\"Written by\" \/>\n\t<meta name=\"twitter:data1\" content=\"Louis magnes\" \/>\n\t<meta name=\"twitter:label2\" content=\"Est. reading time\" \/>\n\t<meta name=\"twitter:data2\" content=\"4 minutes\" \/>\n<script type=\"application\/ld+json\" class=\"yoast-schema-graph\">{\"@context\":\"https:\\\/\\\/schema.org\",\"@graph\":[{\"@type\":\"Article\",\"@id\":\"https:\\\/\\\/www.thedigitalnewdeal.org\\\/en\\\/reflections-in-the-perspective-of-the-european-digital-services-act\\\/#article\",\"isPartOf\":{\"@id\":\"https:\\\/\\\/www.thedigitalnewdeal.org\\\/en\\\/reflections-in-the-perspective-of-the-european-digital-services-act\\\/\"},\"author\":{\"name\":\"Louis magnes\",\"@id\":\"https:\\\/\\\/www.thedigitalnewdeal.org\\\/en\\\/#\\\/schema\\\/person\\\/6f759301513e3ad4f21602489c86f9d8\"},\"headline\":\"Reflections in the perspective of the European Digital Services Act\",\"datePublished\":\"2020-08-18T12:48:40+00:00\",\"dateModified\":\"2021-03-26T13:19:38+00:00\",\"mainEntityOfPage\":{\"@id\":\"https:\\\/\\\/www.thedigitalnewdeal.org\\\/en\\\/reflections-in-the-perspective-of-the-european-digital-services-act\\\/\"},\"wordCount\":898,\"publisher\":{\"@id\":\"https:\\\/\\\/www.thedigitalnewdeal.org\\\/en\\\/#organization\"},\"image\":{\"@id\":\"https:\\\/\\\/www.thedigitalnewdeal.org\\\/en\\\/reflections-in-the-perspective-of-the-european-digital-services-act\\\/#primaryimage\"},\"thumbnailUrl\":\"https:\\\/\\\/www.thedigitalnewdeal.org\\\/wp-content\\\/uploads\\\/2017\\\/04\\\/The-Digital-New-Deal-Foundation-005.jpg\",\"articleSection\":[\"Publications\"],\"inLanguage\":\"en-US\"},{\"@type\":\"WebPage\",\"@id\":\"https:\\\/\\\/www.thedigitalnewdeal.org\\\/en\\\/reflections-in-the-perspective-of-the-european-digital-services-act\\\/\",\"url\":\"https:\\\/\\\/www.thedigitalnewdeal.org\\\/en\\\/reflections-in-the-perspective-of-the-european-digital-services-act\\\/\",\"name\":\"Reflections in the perspective of the European Digital Services Act - Digital New Deal\",\"isPartOf\":{\"@id\":\"https:\\\/\\\/www.thedigitalnewdeal.org\\\/en\\\/#website\"},\"primaryImageOfPage\":{\"@id\":\"https:\\\/\\\/www.thedigitalnewdeal.org\\\/en\\\/reflections-in-the-perspective-of-the-european-digital-services-act\\\/#primaryimage\"},\"image\":{\"@id\":\"https:\\\/\\\/www.thedigitalnewdeal.org\\\/en\\\/reflections-in-the-perspective-of-the-european-digital-services-act\\\/#primaryimage\"},\"thumbnailUrl\":\"https:\\\/\\\/www.thedigitalnewdeal.org\\\/wp-content\\\/uploads\\\/2017\\\/04\\\/The-Digital-New-Deal-Foundation-005.jpg\",\"datePublished\":\"2020-08-18T12:48:40+00:00\",\"dateModified\":\"2021-03-26T13:19:38+00:00\",\"description\":\"D\u2019ici la fin de l\u2019ann\u00e9e 2020, la Commission europ\u00e9enne proposera un \u00ab Digital Services Act \u00bb (DSA), dans l\u2019objectif de mieux r\u00e9guler les \u00ab g\u00e9ants du num\u00e9rique \u00bb (ou \u00ab Big Tech \u00bb). Il s\u2019agira de la premi\u00e8re grande priorit\u00e9 l\u00e9gislative de son mandat de cinq ans. Elle peut \u00eatre l\u2019occasion de r\u00e9viser profond\u00e9ment le r\u00e9gime juridique actuel, fond\u00e9 sur la directive e-commerce de 2000, adopt\u00e9e il y a 20 ans.\",\"breadcrumb\":{\"@id\":\"https:\\\/\\\/www.thedigitalnewdeal.org\\\/en\\\/reflections-in-the-perspective-of-the-european-digital-services-act\\\/#breadcrumb\"},\"inLanguage\":\"en-US\",\"potentialAction\":[{\"@type\":\"ReadAction\",\"target\":[\"https:\\\/\\\/www.thedigitalnewdeal.org\\\/en\\\/reflections-in-the-perspective-of-the-european-digital-services-act\\\/\"]}]},{\"@type\":\"ImageObject\",\"inLanguage\":\"en-US\",\"@id\":\"https:\\\/\\\/www.thedigitalnewdeal.org\\\/en\\\/reflections-in-the-perspective-of-the-european-digital-services-act\\\/#primaryimage\",\"url\":\"https:\\\/\\\/www.thedigitalnewdeal.org\\\/wp-content\\\/uploads\\\/2017\\\/04\\\/The-Digital-New-Deal-Foundation-005.jpg\",\"contentUrl\":\"https:\\\/\\\/www.thedigitalnewdeal.org\\\/wp-content\\\/uploads\\\/2017\\\/04\\\/The-Digital-New-Deal-Foundation-005.jpg\",\"width\":3170,\"height\":1783,\"caption\":\"mise en avant\"},{\"@type\":\"BreadcrumbList\",\"@id\":\"https:\\\/\\\/www.thedigitalnewdeal.org\\\/en\\\/reflections-in-the-perspective-of-the-european-digital-services-act\\\/#breadcrumb\",\"itemListElement\":[{\"@type\":\"ListItem\",\"position\":1,\"name\":\"Accueil\",\"item\":\"https:\\\/\\\/www.thedigitalnewdeal.org\\\/en\\\/\"},{\"@type\":\"ListItem\",\"position\":2,\"name\":\"Reflections in the perspective of the European Digital Services Act\"}]},{\"@type\":\"WebSite\",\"@id\":\"https:\\\/\\\/www.thedigitalnewdeal.org\\\/en\\\/#website\",\"url\":\"https:\\\/\\\/www.thedigitalnewdeal.org\\\/en\\\/\",\"name\":\"Digital New Deal\",\"description\":\"Accompagner les changements que la transition num\u00e9rique\",\"publisher\":{\"@id\":\"https:\\\/\\\/www.thedigitalnewdeal.org\\\/en\\\/#organization\"},\"potentialAction\":[{\"@type\":\"SearchAction\",\"target\":{\"@type\":\"EntryPoint\",\"urlTemplate\":\"https:\\\/\\\/www.thedigitalnewdeal.org\\\/en\\\/?s={search_term_string}\"},\"query-input\":{\"@type\":\"PropertyValueSpecification\",\"valueRequired\":true,\"valueName\":\"search_term_string\"}}],\"inLanguage\":\"en-US\"},{\"@type\":\"Organization\",\"@id\":\"https:\\\/\\\/www.thedigitalnewdeal.org\\\/en\\\/#organization\",\"name\":\"The Digital New Deal\",\"url\":\"https:\\\/\\\/www.thedigitalnewdeal.org\\\/en\\\/\",\"logo\":{\"@type\":\"ImageObject\",\"inLanguage\":\"en-US\",\"@id\":\"https:\\\/\\\/www.thedigitalnewdeal.org\\\/en\\\/#\\\/schema\\\/logo\\\/image\\\/\",\"url\":\"https:\\\/\\\/www.thedigitalnewdeal.org\\\/wp-content\\\/uploads\\\/2017\\\/06\\\/Logo-DigitalNewDealFoundation.svg\",\"contentUrl\":\"https:\\\/\\\/www.thedigitalnewdeal.org\\\/wp-content\\\/uploads\\\/2017\\\/06\\\/Logo-DigitalNewDealFoundation.svg\",\"width\":\"300\",\"height\":\"154\",\"caption\":\"The Digital New Deal\"},\"image\":{\"@id\":\"https:\\\/\\\/www.thedigitalnewdeal.org\\\/en\\\/#\\\/schema\\\/logo\\\/image\\\/\"},\"sameAs\":[\"https:\\\/\\\/x.com\\\/Digital_NewDeal\",\"https:\\\/\\\/www.linkedin.com\\\/company-beta\\\/11084756\\\/\"]},{\"@type\":\"Person\",\"@id\":\"https:\\\/\\\/www.thedigitalnewdeal.org\\\/en\\\/#\\\/schema\\\/person\\\/6f759301513e3ad4f21602489c86f9d8\",\"name\":\"Louis magnes\",\"image\":{\"@type\":\"ImageObject\",\"inLanguage\":\"en-US\",\"@id\":\"https:\\\/\\\/secure.gravatar.com\\\/avatar\\\/39375a18e4bbfef5ec19036df14ceb2f458590792c82c1bb2238868a34920799?s=96&d=mm&r=g\",\"url\":\"https:\\\/\\\/secure.gravatar.com\\\/avatar\\\/39375a18e4bbfef5ec19036df14ceb2f458590792c82c1bb2238868a34920799?s=96&d=mm&r=g\",\"contentUrl\":\"https:\\\/\\\/secure.gravatar.com\\\/avatar\\\/39375a18e4bbfef5ec19036df14ceb2f458590792c82c1bb2238868a34920799?s=96&d=mm&r=g\",\"caption\":\"Louis magnes\"},\"url\":\"https:\\\/\\\/www.thedigitalnewdeal.org\\\/en\\\/author\\\/louis_contrib\\\/\"}]}<\/script>\n<!-- \/ Yoast SEO plugin. -->","yoast_head_json":{"title":"Reflections in the perspective of the European Digital Services Act - Digital New Deal","description":"D\u2019ici la fin de l\u2019ann\u00e9e 2020, la Commission europ\u00e9enne proposera un \u00ab Digital Services Act \u00bb (DSA), dans l\u2019objectif de mieux r\u00e9guler les \u00ab g\u00e9ants du num\u00e9rique \u00bb (ou \u00ab Big Tech \u00bb). Il s\u2019agira de la premi\u00e8re grande priorit\u00e9 l\u00e9gislative de son mandat de cinq ans. Elle peut \u00eatre l\u2019occasion de r\u00e9viser profond\u00e9ment le r\u00e9gime juridique actuel, fond\u00e9 sur la directive e-commerce de 2000, adopt\u00e9e il y a 20 ans.","robots":{"index":"index","follow":"follow","max-snippet":"max-snippet:-1","max-image-preview":"max-image-preview:large","max-video-preview":"max-video-preview:-1"},"canonical":"https:\/\/www.thedigitalnewdeal.org\/en\/reflections-in-the-perspective-of-the-european-digital-services-act\/","og_locale":"en_US","og_type":"article","og_title":"Reflections in the perspective of the European Digital Services Act","og_description":"D\u2019ici la fin de l\u2019ann\u00e9e 2020, la Commission europ\u00e9enne proposera un \u00ab Digital Services Act \u00bb (DSA), dans l\u2019objectif de mieux r\u00e9guler les \u00ab g\u00e9ants du num\u00e9rique \u00bb (ou \u00ab Big Tech \u00bb). Il s\u2019agira de la premi\u00e8re grande priorit\u00e9 l\u00e9gislative de son mandat de cinq ans. Elle peut \u00eatre l\u2019occasion de r\u00e9viser profond\u00e9ment le r\u00e9gime juridique actuel, fond\u00e9 sur la directive e-commerce de 2000, adopt\u00e9e il y a 20 ans.","og_url":"https:\/\/www.thedigitalnewdeal.org\/en\/reflections-in-the-perspective-of-the-european-digital-services-act\/","og_site_name":"Digital New Deal","article_published_time":"2020-08-18T12:48:40+00:00","article_modified_time":"2021-03-26T13:19:38+00:00","og_image":[{"url":"https:\/\/www.thedigitalnewdeal.org\/wp-content\/uploads\/the_digital_new_deal-org-BELLULO_liza-facebook.jpg","type":"","width":"","height":""}],"author":"Louis magnes","twitter_card":"summary_large_image","twitter_title":"Reflections in the perspective of the European Digital Services Act","twitter_description":"D\u2019ici la fin de l\u2019ann\u00e9e 2020, la Commission europ\u00e9enne proposera un \u00ab Digital Services Act \u00bb (DSA), dans l\u2019objectif de mieux r\u00e9guler les \u00ab g\u00e9ants du num\u00e9rique \u00bb (ou \u00ab Big Tech \u00bb). Il s\u2019agira de la premi\u00e8re grande priorit\u00e9 l\u00e9gislative de son mandat de cinq ans. Elle peut \u00eatre l\u2019occasion de r\u00e9viser profond\u00e9ment le r\u00e9gime juridique actuel, fond\u00e9 sur la directive e-commerce de 2000, adopt\u00e9e il y a 20 ans.","twitter_image":"https:\/\/www.thedigitalnewdeal.org\/wp-content\/uploads\/the_digital_new_deal-org-BELLULO_liza-Twitter.jpg","twitter_creator":"@Digital_NewDeal","twitter_site":"@Digital_NewDeal","twitter_misc":{"Written by":"Louis magnes","Est. reading time":"4 minutes"},"schema":{"@context":"https:\/\/schema.org","@graph":[{"@type":"Article","@id":"https:\/\/www.thedigitalnewdeal.org\/en\/reflections-in-the-perspective-of-the-european-digital-services-act\/#article","isPartOf":{"@id":"https:\/\/www.thedigitalnewdeal.org\/en\/reflections-in-the-perspective-of-the-european-digital-services-act\/"},"author":{"name":"Louis magnes","@id":"https:\/\/www.thedigitalnewdeal.org\/en\/#\/schema\/person\/6f759301513e3ad4f21602489c86f9d8"},"headline":"Reflections in the perspective of the European Digital Services Act","datePublished":"2020-08-18T12:48:40+00:00","dateModified":"2021-03-26T13:19:38+00:00","mainEntityOfPage":{"@id":"https:\/\/www.thedigitalnewdeal.org\/en\/reflections-in-the-perspective-of-the-european-digital-services-act\/"},"wordCount":898,"publisher":{"@id":"https:\/\/www.thedigitalnewdeal.org\/en\/#organization"},"image":{"@id":"https:\/\/www.thedigitalnewdeal.org\/en\/reflections-in-the-perspective-of-the-european-digital-services-act\/#primaryimage"},"thumbnailUrl":"https:\/\/www.thedigitalnewdeal.org\/wp-content\/uploads\/2017\/04\/The-Digital-New-Deal-Foundation-005.jpg","articleSection":["Publications"],"inLanguage":"en-US"},{"@type":"WebPage","@id":"https:\/\/www.thedigitalnewdeal.org\/en\/reflections-in-the-perspective-of-the-european-digital-services-act\/","url":"https:\/\/www.thedigitalnewdeal.org\/en\/reflections-in-the-perspective-of-the-european-digital-services-act\/","name":"Reflections in the perspective of the European Digital Services Act - Digital New Deal","isPartOf":{"@id":"https:\/\/www.thedigitalnewdeal.org\/en\/#website"},"primaryImageOfPage":{"@id":"https:\/\/www.thedigitalnewdeal.org\/en\/reflections-in-the-perspective-of-the-european-digital-services-act\/#primaryimage"},"image":{"@id":"https:\/\/www.thedigitalnewdeal.org\/en\/reflections-in-the-perspective-of-the-european-digital-services-act\/#primaryimage"},"thumbnailUrl":"https:\/\/www.thedigitalnewdeal.org\/wp-content\/uploads\/2017\/04\/The-Digital-New-Deal-Foundation-005.jpg","datePublished":"2020-08-18T12:48:40+00:00","dateModified":"2021-03-26T13:19:38+00:00","description":"D\u2019ici la fin de l\u2019ann\u00e9e 2020, la Commission europ\u00e9enne proposera un \u00ab Digital Services Act \u00bb (DSA), dans l\u2019objectif de mieux r\u00e9guler les \u00ab g\u00e9ants du num\u00e9rique \u00bb (ou \u00ab Big Tech \u00bb). Il s\u2019agira de la premi\u00e8re grande priorit\u00e9 l\u00e9gislative de son mandat de cinq ans. Elle peut \u00eatre l\u2019occasion de r\u00e9viser profond\u00e9ment le r\u00e9gime juridique actuel, fond\u00e9 sur la directive e-commerce de 2000, adopt\u00e9e il y a 20 ans.","breadcrumb":{"@id":"https:\/\/www.thedigitalnewdeal.org\/en\/reflections-in-the-perspective-of-the-european-digital-services-act\/#breadcrumb"},"inLanguage":"en-US","potentialAction":[{"@type":"ReadAction","target":["https:\/\/www.thedigitalnewdeal.org\/en\/reflections-in-the-perspective-of-the-european-digital-services-act\/"]}]},{"@type":"ImageObject","inLanguage":"en-US","@id":"https:\/\/www.thedigitalnewdeal.org\/en\/reflections-in-the-perspective-of-the-european-digital-services-act\/#primaryimage","url":"https:\/\/www.thedigitalnewdeal.org\/wp-content\/uploads\/2017\/04\/The-Digital-New-Deal-Foundation-005.jpg","contentUrl":"https:\/\/www.thedigitalnewdeal.org\/wp-content\/uploads\/2017\/04\/The-Digital-New-Deal-Foundation-005.jpg","width":3170,"height":1783,"caption":"mise en avant"},{"@type":"BreadcrumbList","@id":"https:\/\/www.thedigitalnewdeal.org\/en\/reflections-in-the-perspective-of-the-european-digital-services-act\/#breadcrumb","itemListElement":[{"@type":"ListItem","position":1,"name":"Accueil","item":"https:\/\/www.thedigitalnewdeal.org\/en\/"},{"@type":"ListItem","position":2,"name":"Reflections in the perspective of the European Digital Services Act"}]},{"@type":"WebSite","@id":"https:\/\/www.thedigitalnewdeal.org\/en\/#website","url":"https:\/\/www.thedigitalnewdeal.org\/en\/","name":"Digital New Deal","description":"Accompagner les changements que la transition num\u00e9rique","publisher":{"@id":"https:\/\/www.thedigitalnewdeal.org\/en\/#organization"},"potentialAction":[{"@type":"SearchAction","target":{"@type":"EntryPoint","urlTemplate":"https:\/\/www.thedigitalnewdeal.org\/en\/?s={search_term_string}"},"query-input":{"@type":"PropertyValueSpecification","valueRequired":true,"valueName":"search_term_string"}}],"inLanguage":"en-US"},{"@type":"Organization","@id":"https:\/\/www.thedigitalnewdeal.org\/en\/#organization","name":"The Digital New Deal","url":"https:\/\/www.thedigitalnewdeal.org\/en\/","logo":{"@type":"ImageObject","inLanguage":"en-US","@id":"https:\/\/www.thedigitalnewdeal.org\/en\/#\/schema\/logo\/image\/","url":"https:\/\/www.thedigitalnewdeal.org\/wp-content\/uploads\/2017\/06\/Logo-DigitalNewDealFoundation.svg","contentUrl":"https:\/\/www.thedigitalnewdeal.org\/wp-content\/uploads\/2017\/06\/Logo-DigitalNewDealFoundation.svg","width":"300","height":"154","caption":"The Digital New Deal"},"image":{"@id":"https:\/\/www.thedigitalnewdeal.org\/en\/#\/schema\/logo\/image\/"},"sameAs":["https:\/\/x.com\/Digital_NewDeal","https:\/\/www.linkedin.com\/company-beta\/11084756\/"]},{"@type":"Person","@id":"https:\/\/www.thedigitalnewdeal.org\/en\/#\/schema\/person\/6f759301513e3ad4f21602489c86f9d8","name":"Louis magnes","image":{"@type":"ImageObject","inLanguage":"en-US","@id":"https:\/\/secure.gravatar.com\/avatar\/39375a18e4bbfef5ec19036df14ceb2f458590792c82c1bb2238868a34920799?s=96&d=mm&r=g","url":"https:\/\/secure.gravatar.com\/avatar\/39375a18e4bbfef5ec19036df14ceb2f458590792c82c1bb2238868a34920799?s=96&d=mm&r=g","contentUrl":"https:\/\/secure.gravatar.com\/avatar\/39375a18e4bbfef5ec19036df14ceb2f458590792c82c1bb2238868a34920799?s=96&d=mm&r=g","caption":"Louis magnes"},"url":"https:\/\/www.thedigitalnewdeal.org\/en\/author\/louis_contrib\/"}]}},"_links":{"self":[{"href":"https:\/\/www.thedigitalnewdeal.org\/en\/wp-json\/wp\/v2\/posts\/60844","targetHints":{"allow":["GET"]}}],"collection":[{"href":"https:\/\/www.thedigitalnewdeal.org\/en\/wp-json\/wp\/v2\/posts"}],"about":[{"href":"https:\/\/www.thedigitalnewdeal.org\/en\/wp-json\/wp\/v2\/types\/post"}],"author":[{"embeddable":true,"href":"https:\/\/www.thedigitalnewdeal.org\/en\/wp-json\/wp\/v2\/users\/8"}],"replies":[{"embeddable":true,"href":"https:\/\/www.thedigitalnewdeal.org\/en\/wp-json\/wp\/v2\/comments?post=60844"}],"version-history":[{"count":7,"href":"https:\/\/www.thedigitalnewdeal.org\/en\/wp-json\/wp\/v2\/posts\/60844\/revisions"}],"predecessor-version":[{"id":61702,"href":"https:\/\/www.thedigitalnewdeal.org\/en\/wp-json\/wp\/v2\/posts\/60844\/revisions\/61702"}],"wp:featuredmedia":[{"embeddable":true,"href":"https:\/\/www.thedigitalnewdeal.org\/en\/wp-json\/wp\/v2\/media\/57342"}],"wp:attachment":[{"href":"https:\/\/www.thedigitalnewdeal.org\/en\/wp-json\/wp\/v2\/media?parent=60844"}],"wp:term":[{"taxonomy":"category","embeddable":true,"href":"https:\/\/www.thedigitalnewdeal.org\/en\/wp-json\/wp\/v2\/categories?post=60844"},{"taxonomy":"post_tag","embeddable":true,"href":"https:\/\/www.thedigitalnewdeal.org\/en\/wp-json\/wp\/v2\/tags?post=60844"}],"curies":[{"name":"wp","href":"https:\/\/api.w.org\/{rel}","templated":true}]}}